{"id":1062,"date":"2024-09-16T10:09:53","date_gmt":"2024-09-16T10:09:53","guid":{"rendered":"https:\/\/socioumane.ulbsibiu.ro\/dep.ppd\/blog\/?p=1062"},"modified":"2024-09-16T10:09:53","modified_gmt":"2024-09-16T10:09:53","slug":"rezultate-proba-scrisa_admitere-septembrie-2024_","status":"publish","type":"post","link":"https:\/\/socioumane.ulbsibiu.ro\/dep.ppd\/blog\/rezultate-proba-scrisa_admitere-septembrie-2024_\/","title":{"rendered":"Rezultate prob\u0103 scris\u0103_Admitere Septembrie 2024_"},"content":{"rendered":"<p><a href=\"https:\/\/socioumane.ulbsibiu.ro\/dep.ppd\/blog\/wp-content\/uploads\/DOC160924-16092024132652.pdf\">Rezultate proba scris\u0103_Pedagogia \u00cenvat\u0103m\u00e2ntului Primar \u0219i Pre\u0219colar &#8211; \u00een limba rom\u00e2n\u0103<\/a><\/p>\n<p><a href=\"https:\/\/socioumane.ulbsibiu.ro\/dep.ppd\/blog\/wp-content\/uploads\/DOC160924-16092024133554.pdf\">Rezultate proba scris\u0103_Pedagogia \u00cenvat\u0103m\u00e2ntului Primar \u0219i Pre\u0219colar &#8211; \u00een limba german\u0103<\/a><\/p>\n<p><a href=\"https:\/\/socioumane.ulbsibiu.ro\/dep.ppd\/blog\/wp-content\/uploads\/ANUNT-CONTESTATII-4.pdf\">Afi\u0219 contesta\u021bii<\/a><\/p>\n<p>&nbsp;<\/p>\n","protected":false},"excerpt":{"rendered":"<p>Rezultate proba scris\u0103_Pedagogia \u00cenvat\u0103m\u00e2ntului Primar \u0219i Pre\u0219colar &#8211; \u00een limba rom\u00e2n\u0103 Rezultate proba scris\u0103_Pedagogia \u00cenvat\u0103m\u00e2ntului Primar \u0219i Pre\u0219colar &#8211; \u00een limba german\u0103 Afi\u0219 contesta\u021bii &nbsp;<\/p>\n","protected":false},"author":4,"featured_media":0,"comment_status":"closed","ping_status":"open","sticky":false,"template":"","format":"standard","meta":[],"categories":[3],"tags":[],"_links":{"self":[{"href":"https:\/\/socioumane.ulbsibiu.ro\/dep.ppd\/blog\/wp-json\/wp\/v2\/posts\/1062"}],"collection":[{"href":"https:\/\/socioumane.ulbsibiu.ro\/dep.ppd\/blog\/wp-json\/wp\/v2\/posts"}],"about":[{"href":"https:\/\/socioumane.ulbsibiu.ro\/dep.ppd\/blog\/wp-json\/wp\/v2\/types\/post"}],"author":[{"embeddable":true,"href":"https:\/\/socioumane.ulbsibiu.ro\/dep.ppd\/blog\/wp-json\/wp\/v2\/users\/4"}],"replies":[{"embeddable":true,"href":"https:\/\/socioumane.ulbsibiu.ro\/dep.ppd\/blog\/wp-json\/wp\/v2\/comments?post=1062"}],"version-history":[{"count":1,"href":"https:\/\/socioumane.ulbsibiu.ro\/dep.ppd\/blog\/wp-json\/wp\/v2\/posts\/1062\/revisions"}],"predecessor-version":[{"id":1066,"href":"https:\/\/socioumane.ulbsibiu.ro\/dep.ppd\/blog\/wp-json\/wp\/v2\/posts\/1062\/revisions\/1066"}],"wp:attachment":[{"href":"https:\/\/socioumane.ulbsibiu.ro\/dep.ppd\/blog\/wp-json\/wp\/v2\/media?parent=1062"}],"wp:term":[{"taxonomy":"category","embeddable":true,"href":"https:\/\/socioumane.ulbsibiu.ro\/dep.ppd\/blog\/wp-json\/wp\/v2\/categories?post=1062"},{"taxonomy":"post_tag","embeddable":true,"href":"https:\/\/socioumane.ulbsibiu.ro\/dep.ppd\/blog\/wp-json\/wp\/v2\/tags?post=1062"}],"curies":[{"name":"wp","href":"https:\/\/api.w.org\/{rel}","templated":true}]}}