{"id":1124,"date":"2025-01-21T11:10:04","date_gmt":"2025-01-21T11:10:04","guid":{"rendered":"https:\/\/socioumane.ulbsibiu.ro\/dep.ppd\/blog\/?p=1124"},"modified":"2025-01-21T11:48:24","modified_gmt":"2025-01-21T11:48:24","slug":"examene-finalizare-studii_modul-psihopedagogic-nivel-1-cu-frecventa_februarie-2025","status":"publish","type":"post","link":"https:\/\/socioumane.ulbsibiu.ro\/dep.ppd\/blog\/examene-finalizare-studii_modul-psihopedagogic-nivel-1-cu-frecventa_februarie-2025\/","title":{"rendered":"Examene finalizare studii_Modul psihopedagogic NIVEL 1-cu frecventa_FEBRUARIE_2025"},"content":{"rendered":"<p style=\"text-align: center;\"><span style=\"color: #333333;\"><strong>Examene finalizare studii \u2013 Modul psihopedagogic NIVEL 1-cu frecven\u021b\u0103<\/strong><\/span><\/p>\n<p style=\"text-align: center;\"><span style=\"color: #333333;\"><strong>Sesiunea FEBRUARIE 2025<\/strong><\/span><\/p>\n<p><span style=\"color: #ff0000;\"><strong>\u00a0<\/strong><\/span><strong>\u00a0\u00a0\u00a0\u00a0\u00a0\u00a0 <\/strong>Detalii importante:<\/p>\n<p><strong><em>\u00a0\u00a0\u00a0\u00a0\u00a0\u00a0\u00a0\u00a0\u00a0\u00a0\u00a0\u00a0\u00a0\u00a0 Pentru bun\u0103 desf\u0103\u0219urare a procesului de \u00eenscriere, v\u0103 rug\u0103m s\u0103 citi\u021bi cu aten\u021bie instruc\u021biunile, \u00eenainte de a \u00eencepe completarea fi\u0219elor de \u00eenscriere<\/em><\/strong><em>!<\/em><\/p>\n<p style=\"text-align: center;\"><span style=\"color: #333333;\"><span style=\"color: #0000ff;\"><span style=\"color: #000000;\">E<\/span><span style=\"color: #000000;\">xamen de absolvire NIVEL 1 &#8211; cu frecven\u021b\u0103:\u00a0 <span style=\"color: #0000ff;\"><b><em>21 februarie 2025<\/em><\/b><\/span><\/span><\/span><\/span><\/p>\n<p><span style=\"color: #0000ff;\"><strong><a style=\"color: #0000ff;\" href=\"https:\/\/socioumane.ulbsibiu.ro\/dep.ppd\/blog\/wp-content\/uploads\/declaratie-nivel-1-zi-3.pdf\">Declaratie<\/a><\/strong><\/span><\/p>\n<p style=\"text-align: center;\"><strong>\u00a0<\/strong><span style=\"color: #ff0000;\"><strong>\u00a0N<\/strong><strong>IVEL 1 ZI<\/strong><\/span><\/p>\n<p style=\"text-align: center;\"><strong>\u00a0<\/strong><span style=\"color: #ff0000;\"><strong><span style=\"color: #333333;\">Perioada de \u00eenscriere nivel 1 :<\/span> 03 februarie\u00a0 \u2013 06 februarie\u00a0 &#8211; <em>ONLINE<\/em><\/strong><\/span><\/p>\n<p style=\"text-align: center;\"><span style=\"color: #333333;\"><strong>\u00a0<\/strong><strong>(<em>ultima \u00eenscriere poate fi f\u0103cut\u0103 \u00een 06 februarie 2025 la ora 14:59. La ora 15:00, formularele vor fi \u00eenchise<\/em>)<\/strong><\/span><span style=\"color: #ff0000;\"><strong>\u00a0<\/strong><\/span><\/p>\n<ul>\n<li>V\u0103 rug\u0103m s\u0103 citi\u021bi cu aten\u021bie instruc\u021biunile atunci c\u00e2nd completa\u021bi fi\u0219ele de \u00eenscriere \u0219i c\u00e2nd \u00eenc\u0103rca\u021bi documentele;<\/li>\n<li>Completa\u021bi c\u00e2mpurile exact a\u0219a cum apar \u00een documentele emise de autorit\u0103\u021bi: Cartea de Identitate, Certificatul de Na\u0219tere \u0219i Declara\u021bia etc;<\/li>\n<li>Folosi\u021bi diacritice atunci c\u00e2nd completa\u021bi fi\u0219ele de \u00eenscriere;<\/li>\n<li>Documentele (Cartea de Identitate, Certificatul de Na\u0219tere, Declara\u021bie) trebuie s\u0103 fie \u00een formatul.pdf, a\u0219\u0103 c\u0103 v\u0103 rug\u0103m s\u0103 v\u0103 asigura\u021bi c\u0103 ave\u021bi documenta\u021bia disponibil\u0103 \u00een aceast\u0103 form\u0103, \u00eenainte de a \u00eencepe completarea fi\u0219ei;<\/li>\n<li>Documentele (Cartea de Identitate, Certificatul de Na\u0219tere, Declara\u021bie) trebuie denumite \u00een felul urm\u0103tor: <strong><em><span style=\"color: #ff0000;\">NUME_Prenume_C.I., NUME_Prenume_Declara\u021bie., <\/span><\/em><\/strong>respectiv, <span style=\"color: #ff0000;\"><strong><em>NUME_Prenume_C.N.<\/em><\/strong><\/span><\/li>\n<li>Declara\u021bia trebuie completat\u0103, semnat\u0103, \u0219i se va \u00eenc\u0103rca, \u00eempreun\u0103 cu cartea de identitate si certificatul de na\u0219tere la completarea fi\u0219ei;<\/li>\n<li>Formularul se poate completa <span style=\"color: #ff0000;\"><strong>DOAR O SINGUR\u0102 DAT\u0102<\/strong><\/span>. Dac\u0103 a\u021bi gre\u0219it, sau dac\u0103 \u00eent\u00e2mpina\u021bi greut\u0103\u021bi, v\u0103 rug\u0103m s\u0103 contacta\u021bi secretariatul specializ\u0103rii (0269\/211.602);<\/li>\n<li>Asigura\u021bi-v\u0103 c\u0103 nu completa\u021bi fi\u0219a de la o alta specializare. \u00cen lista de mai jos reg\u0103si\u021bi fi\u0219ele grupate: <span style=\"color: #ff0000;\"><strong>nivel 1 zi<em> (licen\u021b\u0103 \u2013 av\u00e2nd calitate de student<\/em><\/strong>)<\/span><\/li>\n<li>Folosi\u021bi <strong><span style=\"color: #ff0000;\">ADRESA INSTITU\u021aIONAL\u0102<\/span><\/strong> pentru \u00eenscriere. Pentru cei care nu de\u021bin un cont institu\u021bional v\u0103 rug\u0103m s\u0103 completa\u021bi fi\u0219ele cu un cont Google; dac\u0103 nu ave\u021bi unul, v\u0103 rug\u0103m s\u0103 \u00eel constitui\u021bi<\/li>\n<\/ul>\n<p style=\"text-align: center;\"><span style=\"color: #ff0000;\"><strong>Aten\u021bie<\/strong><strong>! <em>Fi\u0219ele vor fi active doar \u00een perioada \u00eenscrierii!<\/em><\/strong><\/span><\/p>\n<p><span style=\"color: #0000ff;\"><a style=\"color: #0000ff;\" href=\"https:\/\/forms.gle\/Y6ZxbPNLUxAasS9N7\"><strong>Fi\u0219a de \u00eenscriere NIVEL 1 ZI<\/strong><\/a><\/span><\/p>\n<p>&nbsp;<\/p>\n","protected":false},"excerpt":{"rendered":"<p>Examene finalizare studii \u2013 Modul psihopedagogic NIVEL 1-cu frecven\u021b\u0103 Sesiunea FEBRUARIE 2025 \u00a0\u00a0\u00a0\u00a0\u00a0\u00a0\u00a0 Detalii importante: \u00a0\u00a0\u00a0\u00a0\u00a0\u00a0\u00a0\u00a0\u00a0\u00a0\u00a0\u00a0\u00a0\u00a0 Pentru bun\u0103 desf\u0103\u0219urare a procesului de \u00eenscriere, v\u0103 rug\u0103m s\u0103 citi\u021bi cu aten\u021bie instruc\u021biunile, [&hellip;]<\/p>\n","protected":false},"author":4,"featured_media":0,"comment_status":"closed","ping_status":"open","sticky":false,"template":"","format":"standard","meta":[],"categories":[3],"tags":[],"_links":{"self":[{"href":"https:\/\/socioumane.ulbsibiu.ro\/dep.ppd\/blog\/wp-json\/wp\/v2\/posts\/1124"}],"collection":[{"href":"https:\/\/socioumane.ulbsibiu.ro\/dep.ppd\/blog\/wp-json\/wp\/v2\/posts"}],"about":[{"href":"https:\/\/socioumane.ulbsibiu.ro\/dep.ppd\/blog\/wp-json\/wp\/v2\/types\/post"}],"author":[{"embeddable":true,"href":"https:\/\/socioumane.ulbsibiu.ro\/dep.ppd\/blog\/wp-json\/wp\/v2\/users\/4"}],"replies":[{"embeddable":true,"href":"https:\/\/socioumane.ulbsibiu.ro\/dep.ppd\/blog\/wp-json\/wp\/v2\/comments?post=1124"}],"version-history":[{"count":2,"href":"https:\/\/socioumane.ulbsibiu.ro\/dep.ppd\/blog\/wp-json\/wp\/v2\/posts\/1124\/revisions"}],"predecessor-version":[{"id":1131,"href":"https:\/\/socioumane.ulbsibiu.ro\/dep.ppd\/blog\/wp-json\/wp\/v2\/posts\/1124\/revisions\/1131"}],"wp:attachment":[{"href":"https:\/\/socioumane.ulbsibiu.ro\/dep.ppd\/blog\/wp-json\/wp\/v2\/media?parent=1124"}],"wp:term":[{"taxonomy":"category","embeddable":true,"href":"https:\/\/socioumane.ulbsibiu.ro\/dep.ppd\/blog\/wp-json\/wp\/v2\/categories?post=1124"},{"taxonomy":"post_tag","embeddable":true,"href":"https:\/\/socioumane.ulbsibiu.ro\/dep.ppd\/blog\/wp-json\/wp\/v2\/tags?post=1124"}],"curies":[{"name":"wp","href":"https:\/\/api.w.org\/{rel}","templated":true}]}}