{"id":245,"date":"2022-02-11T11:05:11","date_gmt":"2022-02-11T11:05:11","guid":{"rendered":"https:\/\/socioumane.ulbsibiu.ro\/dep.ppd\/blog\/?p=245"},"modified":"2022-02-11T11:05:11","modified_gmt":"2022-02-11T11:05:11","slug":"precizari-examen-licenta-disertatie-februarie-2022","status":"publish","type":"post","link":"https:\/\/socioumane.ulbsibiu.ro\/dep.ppd\/blog\/precizari-examen-licenta-disertatie-februarie-2022\/","title":{"rendered":"Preciz\u0103ri examen licen\u021b\u0103\/diserta\u021bie Februarie 2022"},"content":{"rendered":"<p>&nbsp;<\/p>\n<p style=\"text-align: left;\"><span lang=\"RO\">\u00cen aten\u021bia candida\u021bilor \u00eenscri\u0219i la examenul de licen\u021b\u0103 &#8211; <strong>sesiunea februarie 2022<span style=\"color: #000000;\">,<\/span><\/strong> le aducem la cuno\u0219tin\u021b\u0103 faptul c\u0103:<\/span><\/p>\n<ul>\n<li style=\"text-align: left;\"><span lang=\"RO\"><strong>proba 1<\/strong> &#8211; Evaluarea cuno\u0219tin\u021belor fundamentele \u0219i de specialitate, este programat\u0103 \u00een data de <em><strong><span style=\"color: #0000ff;\">14.02.2022<\/span><\/strong><\/em> la <em><strong><span style=\"color: #0000ff;\">ora 9,00 <u>(Sala 003 PIPP RO, Sala 004 PIPP DE)<\/u><\/span>. <\/strong><\/em><\/span><span style=\"color: #000000;\"><em><strong><u><span lang=\"RO\">Candida\u021bii trebuie s\u0103 fie prezen\u021bi \u00een sal\u0103 la ora 8,30 cu <span style=\"color: #000000;\">actul de identitate.<\/span><\/span><\/u><\/strong><\/em><\/span><\/li>\n<li><strong>proba 2<\/strong> &#8211; Prezentarea \u0219i sus\u021binerea lucr\u0103rii de licen\u021b\u0103, este programat\u0103 \u00een data de <span style=\"color: #0000ff;\"><strong>17.02.2022<\/strong><\/span> la ora <span style=\"color: #0000ff;\"><strong>8,00<\/strong><\/span><\/li>\n<\/ul>\n<p style=\"text-align: left;\">\n","protected":false},"excerpt":{"rendered":"<p>&nbsp; \u00cen aten\u021bia candida\u021bilor \u00eenscri\u0219i la examenul de licen\u021b\u0103 &#8211; sesiunea februarie 2022, le aducem la cuno\u0219tin\u021b\u0103 faptul c\u0103: proba 1 &#8211; Evaluarea cuno\u0219tin\u021belor fundamentele \u0219i de specialitate, este programat\u0103 [&hellip;]<\/p>\n","protected":false},"author":4,"featured_media":0,"comment_status":"closed","ping_status":"open","sticky":false,"template":"","format":"standard","meta":[],"categories":[3],"tags":[],"_links":{"self":[{"href":"https:\/\/socioumane.ulbsibiu.ro\/dep.ppd\/blog\/wp-json\/wp\/v2\/posts\/245"}],"collection":[{"href":"https:\/\/socioumane.ulbsibiu.ro\/dep.ppd\/blog\/wp-json\/wp\/v2\/posts"}],"about":[{"href":"https:\/\/socioumane.ulbsibiu.ro\/dep.ppd\/blog\/wp-json\/wp\/v2\/types\/post"}],"author":[{"embeddable":true,"href":"https:\/\/socioumane.ulbsibiu.ro\/dep.ppd\/blog\/wp-json\/wp\/v2\/users\/4"}],"replies":[{"embeddable":true,"href":"https:\/\/socioumane.ulbsibiu.ro\/dep.ppd\/blog\/wp-json\/wp\/v2\/comments?post=245"}],"version-history":[{"count":1,"href":"https:\/\/socioumane.ulbsibiu.ro\/dep.ppd\/blog\/wp-json\/wp\/v2\/posts\/245\/revisions"}],"predecessor-version":[{"id":246,"href":"https:\/\/socioumane.ulbsibiu.ro\/dep.ppd\/blog\/wp-json\/wp\/v2\/posts\/245\/revisions\/246"}],"wp:attachment":[{"href":"https:\/\/socioumane.ulbsibiu.ro\/dep.ppd\/blog\/wp-json\/wp\/v2\/media?parent=245"}],"wp:term":[{"taxonomy":"category","embeddable":true,"href":"https:\/\/socioumane.ulbsibiu.ro\/dep.ppd\/blog\/wp-json\/wp\/v2\/categories?post=245"},{"taxonomy":"post_tag","embeddable":true,"href":"https:\/\/socioumane.ulbsibiu.ro\/dep.ppd\/blog\/wp-json\/wp\/v2\/tags?post=245"}],"curies":[{"name":"wp","href":"https:\/\/api.w.org\/{rel}","templated":true}]}}