{"id":284,"date":"2022-05-09T12:21:57","date_gmt":"2022-05-09T12:21:57","guid":{"rendered":"https:\/\/socioumane.ulbsibiu.ro\/dep.ppd\/blog\/?p=284"},"modified":"2022-05-09T12:25:38","modified_gmt":"2022-05-09T12:25:38","slug":"284-2","status":"publish","type":"post","link":"https:\/\/socioumane.ulbsibiu.ro\/dep.ppd\/blog\/284-2\/","title":{"rendered":"\u00cen aten\u021bia studen\u021bilor afla\u021bi pe locurile cu tax\u0103"},"content":{"rendered":"<p style=\"text-align: center;\"><strong>\u00cen aten\u021bia studen\u021bilor afla\u021bi pe locurile cu tax\u0103 la programele de licen\u021b\u0103 (PIPP RO, PIPP DE, PIPP ID), programele de masterat (IESI, ME) \u0219i la programele de formare psihopedagogic\u0103 (NIVEL 1 ZI, NIVEL 2 ZI, NIVEL 1 si 2 POSTUNIVERSITAR)<\/strong><\/p>\n<p>\u00a0 \u00a0 \u00a0 \u00a0 \u00a0 \u00a0 \u00a0V\u0103 aducem la cuno\u015ftin\u0163\u0103,\u00a0\u00a0faptul c\u0103 termenul limit\u0103 de plat\u0103 pentru a 3-a tran\u0219\u0103 din taxa de \u0219colarizare, stabilit prin contract, este 20.05.2022, inclusiv.<\/p>\n<p>Nerespectarea termenului de plat\u0103, conform contractului \u00eencheiat cu Universitatea, va face imposibil\u0103 participarea studen\u021bilor la examene!<\/p>\n","protected":false},"excerpt":{"rendered":"<p>\u00cen aten\u021bia studen\u021bilor afla\u021bi pe locurile cu tax\u0103 la programele de licen\u021b\u0103 (PIPP RO, PIPP DE, PIPP ID), programele de masterat (IESI, ME) \u0219i la programele de formare psihopedagogic\u0103 (NIVEL [&hellip;]<\/p>\n","protected":false},"author":4,"featured_media":0,"comment_status":"closed","ping_status":"open","sticky":false,"template":"","format":"standard","meta":[],"categories":[3],"tags":[],"_links":{"self":[{"href":"https:\/\/socioumane.ulbsibiu.ro\/dep.ppd\/blog\/wp-json\/wp\/v2\/posts\/284"}],"collection":[{"href":"https:\/\/socioumane.ulbsibiu.ro\/dep.ppd\/blog\/wp-json\/wp\/v2\/posts"}],"about":[{"href":"https:\/\/socioumane.ulbsibiu.ro\/dep.ppd\/blog\/wp-json\/wp\/v2\/types\/post"}],"author":[{"embeddable":true,"href":"https:\/\/socioumane.ulbsibiu.ro\/dep.ppd\/blog\/wp-json\/wp\/v2\/users\/4"}],"replies":[{"embeddable":true,"href":"https:\/\/socioumane.ulbsibiu.ro\/dep.ppd\/blog\/wp-json\/wp\/v2\/comments?post=284"}],"version-history":[{"count":2,"href":"https:\/\/socioumane.ulbsibiu.ro\/dep.ppd\/blog\/wp-json\/wp\/v2\/posts\/284\/revisions"}],"predecessor-version":[{"id":286,"href":"https:\/\/socioumane.ulbsibiu.ro\/dep.ppd\/blog\/wp-json\/wp\/v2\/posts\/284\/revisions\/286"}],"wp:attachment":[{"href":"https:\/\/socioumane.ulbsibiu.ro\/dep.ppd\/blog\/wp-json\/wp\/v2\/media?parent=284"}],"wp:term":[{"taxonomy":"category","embeddable":true,"href":"https:\/\/socioumane.ulbsibiu.ro\/dep.ppd\/blog\/wp-json\/wp\/v2\/categories?post=284"},{"taxonomy":"post_tag","embeddable":true,"href":"https:\/\/socioumane.ulbsibiu.ro\/dep.ppd\/blog\/wp-json\/wp\/v2\/tags?post=284"}],"curies":[{"name":"wp","href":"https:\/\/api.w.org\/{rel}","templated":true}]}}