{"id":977,"date":"2024-07-23T08:08:28","date_gmt":"2024-07-23T08:08:28","guid":{"rendered":"https:\/\/socioumane.ulbsibiu.ro\/dep.ppd\/blog\/?p=977"},"modified":"2024-07-23T08:08:28","modified_gmt":"2024-07-23T08:08:28","slug":"barem-proba-scrisa_admitere-iulie-2024-pipp-ro-zi-pipp-ro-id-si-pipp-de","status":"publish","type":"post","link":"https:\/\/socioumane.ulbsibiu.ro\/dep.ppd\/blog\/barem-proba-scrisa_admitere-iulie-2024-pipp-ro-zi-pipp-ro-id-si-pipp-de\/","title":{"rendered":"Barem proba scris\u0103_admitere IULIE 2024 (PIPP RO ZI, PIPP RO ID si PIPP DE)"},"content":{"rendered":"<p><a href=\"https:\/\/socioumane.ulbsibiu.ro\/dep.ppd\/blog\/wp-content\/uploads\/DOC230724-23072024104934.pdf\">Barem proba scris\u0103_program de licen\u021b\u0103_Pedagogia \u00cenv\u0103\u021b\u0103m\u00e2ntului Primar \u0219i Pre\u0219colar &#8211; \u00een limba rom\u00e2n\u0103-cu frecven\u021b\u0103\/ID<\/a><\/p>\n<p><a href=\"https:\/\/socioumane.ulbsibiu.ro\/dep.ppd\/blog\/wp-content\/uploads\/DOC230724-23072024105423.pdf\">Barem proba scris\u0103_program de licen\u021b\u0103_Pedagogia \u00cenv\u0103\u021b\u0103m\u00e2ntului Primar \u0219i Pre\u0219colar &#8211; \u00een limba german\u0103-cu frecven\u021b\u0103<\/a><\/p>\n","protected":false},"excerpt":{"rendered":"<p>Barem proba scris\u0103_program de licen\u021b\u0103_Pedagogia \u00cenv\u0103\u021b\u0103m\u00e2ntului Primar \u0219i Pre\u0219colar &#8211; \u00een limba rom\u00e2n\u0103-cu frecven\u021b\u0103\/ID Barem proba scris\u0103_program de licen\u021b\u0103_Pedagogia \u00cenv\u0103\u021b\u0103m\u00e2ntului Primar \u0219i Pre\u0219colar &#8211; \u00een limba german\u0103-cu frecven\u021b\u0103<\/p>\n","protected":false},"author":4,"featured_media":0,"comment_status":"closed","ping_status":"open","sticky":false,"template":"","format":"standard","meta":[],"categories":[3],"tags":[],"_links":{"self":[{"href":"https:\/\/socioumane.ulbsibiu.ro\/dep.ppd\/blog\/wp-json\/wp\/v2\/posts\/977"}],"collection":[{"href":"https:\/\/socioumane.ulbsibiu.ro\/dep.ppd\/blog\/wp-json\/wp\/v2\/posts"}],"about":[{"href":"https:\/\/socioumane.ulbsibiu.ro\/dep.ppd\/blog\/wp-json\/wp\/v2\/types\/post"}],"author":[{"embeddable":true,"href":"https:\/\/socioumane.ulbsibiu.ro\/dep.ppd\/blog\/wp-json\/wp\/v2\/users\/4"}],"replies":[{"embeddable":true,"href":"https:\/\/socioumane.ulbsibiu.ro\/dep.ppd\/blog\/wp-json\/wp\/v2\/comments?post=977"}],"version-history":[{"count":1,"href":"https:\/\/socioumane.ulbsibiu.ro\/dep.ppd\/blog\/wp-json\/wp\/v2\/posts\/977\/revisions"}],"predecessor-version":[{"id":980,"href":"https:\/\/socioumane.ulbsibiu.ro\/dep.ppd\/blog\/wp-json\/wp\/v2\/posts\/977\/revisions\/980"}],"wp:attachment":[{"href":"https:\/\/socioumane.ulbsibiu.ro\/dep.ppd\/blog\/wp-json\/wp\/v2\/media?parent=977"}],"wp:term":[{"taxonomy":"category","embeddable":true,"href":"https:\/\/socioumane.ulbsibiu.ro\/dep.ppd\/blog\/wp-json\/wp\/v2\/categories?post=977"},{"taxonomy":"post_tag","embeddable":true,"href":"https:\/\/socioumane.ulbsibiu.ro\/dep.ppd\/blog\/wp-json\/wp\/v2\/tags?post=977"}],"curies":[{"name":"wp","href":"https:\/\/api.w.org\/{rel}","templated":true}]}}